{"id":32906,"date":"2024-09-28T20:23:46","date_gmt":"2024-09-28T20:23:46","guid":{"rendered":"https:\/\/werentmarbella.com\/los-paises-mas-antiguos-de-europa-un-viaje-a-traves-de-la-historia-top-7\/"},"modified":"2024-10-02T17:50:38","modified_gmt":"2024-10-02T17:50:38","slug":"los-paises-mas-antiguos-de-europa-un-viaje-a-traves-de-la-historia-top-7","status":"publish","type":"post","link":"https:\/\/werentmarbella.com\/es\/los-paises-mas-antiguos-de-europa-un-viaje-a-traves-de-la-historia-top-7\/","title":{"rendered":"Los pa\u00edses m\u00e1s antiguos de Europa: Un viaje a trav\u00e9s de la Historia (Top 7)"},"content":{"rendered":"\n<p>Europa es un continente rico en historia, con muchas naciones que cuentan con or\u00edgenes antiguos e identidades culturales profundamente arraigadas. Conocer los pa\u00edses m\u00e1s antiguos de Europa no solo arroja luz sobre sus historias individuales, sino tambi\u00e9n sobre el entramado compartido del patrimonio europeo. En esta publicaci\u00f3n, exploraremos algunos de los pa\u00edses m\u00e1s antiguos, destacando su importancia y sus contribuciones a la historia del continente.  <\/p>\n\n<p><strong>Los pa\u00edses m\u00e1s antiguos de Europa<\/strong>:<\/p>\n\n<ol class=\"wp-block-list\">\n<li>San Marino<\/li>\n\n\n\n<li>Francia<\/li>\n\n\n\n<li>Portugal<\/li>\n\n\n\n<li>Serbia<\/li>\n\n\n\n<li>Espa\u00f1a<\/li>\n\n\n\n<li>Italia<\/li>\n\n\n\n<li>Grecia<\/li>\n<\/ol>\n\n<hr class=\"wp-block-separator has-alpha-channel-opacity\"\/>\n\n<h2 class=\"wp-block-heading\">1. San Marino: La Rep\u00fablica m\u00e1s antigua del mundo<\/h2>\n\n<p>Fundada en el a\u00f1o 301 d. C., San Marino ostenta el t\u00edtulo de la rep\u00fablica m\u00e1s antigua del mundo. Ubicada <a href=\"https:\/\/en.wikipedia.org\/wiki\/Apennine_Mountains\" target=\"_blank\" data-type=\"link\" data-id=\"https:\/\/en.wikipedia.org\/wiki\/Apennine_Mountains\" rel=\"noreferrer noopener\">en los Apeninos<\/a>, ha mantenido su independencia y su gobierno a lo largo de siglos de cambiantes panoramas pol\u00edticos. La Constituci\u00f3n de San Marino, adoptada en 1600, es una de las m\u00e1s antiguas del mundo y refleja el compromiso de la naci\u00f3n con los principios democr\u00e1ticos.  <\/p>\n\n<figure class=\"wp-block-image size-large\"><img fetchpriority=\"high\" decoding=\"async\" width=\"1024\" height=\"683\" src=\"https:\/\/werentmarbella.com\/wp-content\/uploads\/2024\/09\/patrick-Jnf7gAzmIao-unsplash-1024x683.jpg\" alt=\"San Marino: La Rep&#xFA;blica m&#xE1;s antigua del mundo\" class=\"wp-image-32770\" title=\"\" srcset=\"https:\/\/werentmarbella.com\/wp-content\/uploads\/2024\/09\/patrick-Jnf7gAzmIao-unsplash-1024x683.jpg 1024w, https:\/\/werentmarbella.com\/wp-content\/uploads\/2024\/09\/patrick-Jnf7gAzmIao-unsplash-300x200.jpg 300w, https:\/\/werentmarbella.com\/wp-content\/uploads\/2024\/09\/patrick-Jnf7gAzmIao-unsplash-768x512.jpg 768w, https:\/\/werentmarbella.com\/wp-content\/uploads\/2024\/09\/patrick-Jnf7gAzmIao-unsplash-1536x1024.jpg 1536w, https:\/\/werentmarbella.com\/wp-content\/uploads\/2024\/09\/patrick-Jnf7gAzmIao-unsplash-2048x1365.jpg 2048w, https:\/\/werentmarbella.com\/wp-content\/uploads\/2024\/09\/patrick-Jnf7gAzmIao-unsplash-150x100.jpg 150w\" sizes=\"(max-width: 1024px) 100vw, 1024px\" \/><figcaption class=\"wp-element-caption\">Los pa\u00edses m\u00e1s antiguos de europa: san marino<\/figcaption><\/figure>\n\n<h2 class=\"wp-block-heading\">2. Francia: Un rico tapiz de historia<\/h2>\n\n<p>Las ra\u00edces del Estado franc\u00e9s se remontan al Tratado de Verd\u00fan del a\u00f1o 843 d.C., que dividi\u00f3 el <a href=\"https:\/\/en.wikipedia.org\/wiki\/Carolingian_Empire\" target=\"_blank\" data-type=\"link\" data-id=\"https:\/\/en.wikipedia.org\/wiki\/Carolingian_Empire\" rel=\"noreferrer noopener\">Imperio Carolingio<\/a> entre <a href=\"https:\/\/en.wikipedia.org\/wiki\/Charles_the_Bald\" target=\"_blank\" data-type=\"link\" data-id=\"https:\/\/en.wikipedia.org\/wiki\/Charles_the_Bald\" rel=\"noreferrer noopener\">Carlos el Calvo<\/a>, <a href=\"https:\/\/en.wikipedia.org\/wiki\/Louis_the_German\" target=\"_blank\" data-type=\"link\" data-id=\"https:\/\/en.wikipedia.org\/wiki\/Louis_the_German\" rel=\"noreferrer noopener\">Luis el Germ\u00e1nico<\/a> y Lothair I. Sin embargo, las tradiciones culturales y pol\u00edticas de Francia se remontan a\u00fan m\u00e1s atr\u00e1s, incluyendo el poderoso Reino Franco. Francia ha sido un centro de arte, filosof\u00eda y pensamiento pol\u00edtico a lo largo de la historia, y ha influido en naciones de todo el mundo. <\/p>\n\n<figure class=\"wp-block-image size-large\"><img decoding=\"async\" width=\"1024\" height=\"682\" src=\"https:\/\/werentmarbella.com\/wp-content\/uploads\/2024\/09\/916-1024x682.jpg\" alt=\"Los pa&#xED;ses m&#xE1;s antiguos de Europa: Francia\" class=\"wp-image-32766\" title=\"\" srcset=\"https:\/\/werentmarbella.com\/wp-content\/uploads\/2024\/09\/916-1024x682.jpg 1024w, https:\/\/werentmarbella.com\/wp-content\/uploads\/2024\/09\/916-300x200.jpg 300w, https:\/\/werentmarbella.com\/wp-content\/uploads\/2024\/09\/916-768x512.jpg 768w, https:\/\/werentmarbella.com\/wp-content\/uploads\/2024\/09\/916-1536x1024.jpg 1536w, https:\/\/werentmarbella.com\/wp-content\/uploads\/2024\/09\/916-150x100.jpg 150w, https:\/\/werentmarbella.com\/wp-content\/uploads\/2024\/09\/916.jpg 2000w\" sizes=\"(max-width: 1024px) 100vw, 1024px\" \/><figcaption class=\"wp-element-caption\">Los pa\u00edses m\u00e1s antiguos de europa: francia<\/figcaption><\/figure>\n\n<h2 class=\"wp-block-heading\">3. Portugal: Un Reino de Profundas Ra\u00edces<\/h2>\n\n<p>Fundado como reino en 1139, Portugal ha mantenido una identidad distintiva desde el siglo XII, marcada por su rica historia y su patrimonio cultural \u00fanico. Fue una de las primeras potencias coloniales de Europa y estableci\u00f3 un vasto imperio que se extendi\u00f3 por \u00c1frica, Asia y Sudam\u00e9rica. Este imperio no solo influy\u00f3 en las regiones que toc\u00f3, sino que tambi\u00e9n facilit\u00f3 la difusi\u00f3n de la cultura, la lengua y las tradiciones portuguesas.  <\/p>\n\n<p>Durante la Era de los Descubrimientos, Portugal se convirti\u00f3 en un l\u00edder en la exploraci\u00f3n mar\u00edtima, con exploradores como Vasco da Gama y Fernando de Magallanes trazando nuevas rutas y descubriendo tierras hasta entonces desconocidas. Estas exploraciones desempe\u00f1aron un papel crucial en el comercio mundial, ya que Portugal estableci\u00f3 rutas comerciales que unieron Europa con Asia y las Am\u00e9ricas, fomentando un importante intercambio cultural y crecimiento econ\u00f3mico. <\/p>\n\n<figure class=\"wp-block-image size-large\"><img decoding=\"async\" width=\"1024\" height=\"682\" src=\"https:\/\/werentmarbella.com\/wp-content\/uploads\/2024\/09\/38877-1024x682.jpg\" alt=\"The Oldest Countries in Europe: Portugal\" class=\"wp-image-32762\" title=\"\" srcset=\"https:\/\/werentmarbella.com\/wp-content\/uploads\/2024\/09\/38877-1024x682.jpg 1024w, https:\/\/werentmarbella.com\/wp-content\/uploads\/2024\/09\/38877-300x200.jpg 300w, https:\/\/werentmarbella.com\/wp-content\/uploads\/2024\/09\/38877-768x511.jpg 768w, https:\/\/werentmarbella.com\/wp-content\/uploads\/2024\/09\/38877-1536x1023.jpg 1536w, https:\/\/werentmarbella.com\/wp-content\/uploads\/2024\/09\/38877-150x100.jpg 150w, https:\/\/werentmarbella.com\/wp-content\/uploads\/2024\/09\/38877.jpg 2000w\" sizes=\"(max-width: 1024px) 100vw, 1024px\" \/><figcaption class=\"wp-element-caption\">The oldest countries in europe: portugal<\/figcaption><\/figure>\n\n<h2 class=\"wp-block-heading\">4. Serbia: una potencia hist\u00f3rica<\/h2>\n\n<p>El Principado de Serbia se estableci\u00f3 en <a href=\"https:\/\/en.wikipedia.org\/wiki\/Principality_of_Serbia_(early_medieval)\" data-type=\"link\" data-id=\"https:\/\/en.wikipedia.org\/wiki\/Principality_of_Serbia_(early_medieval)\" target=\"_blank\" rel=\"noreferrer noopener\">780<\/a><em>(Vi\u0161eslav, tambi\u00e9n conocido como Vojislav, est\u00e1 reconocido como el primer gobernante serbio documentado por su nombre, reinando hacia 780.<\/em>), evolucionando hacia <a href=\"https:\/\/en.wikipedia.org\/wiki\/Kingdom_of_Serbia\" data-type=\"link\" data-id=\"https:\/\/en.wikipedia.org\/wiki\/Kingdom_of_Serbia\" target=\"_blank\" rel=\"noreferrer noopener\">el Reino oficial Reino<\/a> en 1217 bajo Esteban el Primer Coronado. La mayor\u00eda considera que el nacimiento de Serbia coincide con las primeras migraciones eslavas de los siglos VII y VIII, lo que da a la naci\u00f3n una historia de aproximadamente 1.242 a\u00f1os. La independencia de Serbia fue reconocida en 1878 y restablecida de nuevo en 2006. El reinado de <a href=\"https:\/\/en.wikipedia.org\/wiki\/Stefan_Du%C5%A1an\" target=\"_blank\" data-type=\"link\" data-id=\"https:\/\/en.wikipedia.org\/wiki\/Stefan_Du%C5%A1an\" rel=\"noreferrer noopener\">Esteban Du\u0161an<\/a> en el siglo XIV marc\u00f3 el apogeo del poder medieval serbio, ya que expandi\u00f3 el reino y fue coronado emperador de los serbios y los griegos. El rico patrimonio cultural de Serbia incluye importantes contribuciones al cristianismo ortodoxo, al arte y a la literatura, lo que la convierte en una parte esencial de la historia europea.    <\/p>\n\n<figure class=\"wp-block-image size-large is-resized\"><img loading=\"lazy\" decoding=\"async\" width=\"1024\" height=\"683\" src=\"https:\/\/werentmarbella.com\/wp-content\/uploads\/2024\/09\/enchanting-beauty-belgrades-kalemegdan-twilight-where-historic-landmarks-are-illuminated-against-evening-sky-1024x683.jpg\" alt=\"\" class=\"wp-image-32745\" style=\"width:840px;height:auto\" title=\"\" srcset=\"https:\/\/werentmarbella.com\/wp-content\/uploads\/2024\/09\/enchanting-beauty-belgrades-kalemegdan-twilight-where-historic-landmarks-are-illuminated-against-evening-sky-1024x683.jpg 1024w, https:\/\/werentmarbella.com\/wp-content\/uploads\/2024\/09\/enchanting-beauty-belgrades-kalemegdan-twilight-where-historic-landmarks-are-illuminated-against-evening-sky-300x200.jpg 300w, https:\/\/werentmarbella.com\/wp-content\/uploads\/2024\/09\/enchanting-beauty-belgrades-kalemegdan-twilight-where-historic-landmarks-are-illuminated-against-evening-sky-768x512.jpg 768w, https:\/\/werentmarbella.com\/wp-content\/uploads\/2024\/09\/enchanting-beauty-belgrades-kalemegdan-twilight-where-historic-landmarks-are-illuminated-against-evening-sky-1536x1024.jpg 1536w, https:\/\/werentmarbella.com\/wp-content\/uploads\/2024\/09\/enchanting-beauty-belgrades-kalemegdan-twilight-where-historic-landmarks-are-illuminated-against-evening-sky-2048x1365.jpg 2048w, https:\/\/werentmarbella.com\/wp-content\/uploads\/2024\/09\/enchanting-beauty-belgrades-kalemegdan-twilight-where-historic-landmarks-are-illuminated-against-evening-sky-150x100.jpg 150w\" sizes=\"(max-width: 1024px) 100vw, 1024px\" \/><figcaption class=\"wp-element-caption\">Los pa\u00edses m\u00e1s antiguos de europa: serbia<\/figcaption><\/figure>\n\n<h2 class=\"wp-block-heading\">5. Espa\u00f1a: Un complejo mosaico de culturas<\/h2>\n\n<p>La identidad moderna de Espa\u00f1a se forj\u00f3 en gran medida con la unificaci\u00f3n de los <a href=\"https:\/\/en.wikipedia.org\/wiki\/Kingdom_of_Castile\" data-type=\"link\" data-id=\"https:\/\/en.wikipedia.org\/wiki\/Kingdom_of_Castile\" target=\"_blank\" rel=\"noopener\">reinos de Castilla<\/a> y <a href=\"https:\/\/en.wikipedia.org\/wiki\/Aragon\" data-type=\"link\" data-id=\"https:\/\/en.wikipedia.org\/wiki\/Aragon\" target=\"_blank\" rel=\"noopener\">Arag\u00f3n<\/a> en 1469, pero sus identidades regionales se remontan a siglos atr\u00e1s. La Pen\u00ednsula Ib\u00e9rica ha sido el hogar de varias culturas, como la romana, la <a href=\"https:\/\/en.wikipedia.org\/wiki\/Visigoths\" target=\"_blank\" data-type=\"link\" data-id=\"https:\/\/en.wikipedia.org\/wiki\/Visigoths\" rel=\"noreferrer noopener\">visigoda<\/a> y <a href=\"https:\/\/en.wikipedia.org\/wiki\/Moors\" target=\"_blank\" data-type=\"link\" data-id=\"https:\/\/en.wikipedia.org\/wiki\/Moors\" rel=\"noreferrer noopener\">la \u00e1rabe<\/a>. La influencia de Espa\u00f1a en el arte, la literatura y la pol\u00edtica es inmensa, lo que la convierte en una de las capitales culturales de Europa.  <\/p>\n\n<p>A lo largo de su historia, Espa\u00f1a ha producido figuras de renombre como <a href=\"https:\/\/en.wikipedia.org\/wiki\/Miguel_de_Cervantes\" target=\"_blank\" data-type=\"link\" data-id=\"https:\/\/en.wikipedia.org\/wiki\/Miguel_de_Cervantes\" rel=\"noreferrer noopener\">Miguel de Cervantes<\/a>, cuyas obras ayudaron a definir la literatura espa\u00f1ola, y <a href=\"https:\/\/en.wikipedia.org\/wiki\/Pablo_Picasso\" target=\"_blank\" data-type=\"link\" data-id=\"https:\/\/en.wikipedia.org\/wiki\/Pablo_Picasso\" rel=\"noreferrer noopener\">Pablo Picasso<\/a>, cuyo arte revolucionario dej\u00f3 un impacto duradero en el movimiento art\u00edstico moderno. Las maravillas arquitect\u00f3nicas del pa\u00eds, como la Alhambra y la Sagrada Familia de Gaud\u00ed, reflejan su rico tapiz cultural y sus diversas influencias hist\u00f3ricas. <\/p>\n\n<figure class=\"wp-block-image size-large\"><img loading=\"lazy\" decoding=\"async\" width=\"1024\" height=\"683\" src=\"https:\/\/werentmarbella.com\/wp-content\/uploads\/2024\/09\/beautiful-alcazar-toledo-stone-fortification-toledo-spain-copy-1024x683.jpg\" alt=\"Los pa&#xED;ses m&#xE1;s antiguos de Europa: Espa&#xF1;a\" class=\"wp-image-32757\" title=\"\" srcset=\"https:\/\/werentmarbella.com\/wp-content\/uploads\/2024\/09\/beautiful-alcazar-toledo-stone-fortification-toledo-spain-copy-1024x683.jpg 1024w, https:\/\/werentmarbella.com\/wp-content\/uploads\/2024\/09\/beautiful-alcazar-toledo-stone-fortification-toledo-spain-copy-300x200.jpg 300w, https:\/\/werentmarbella.com\/wp-content\/uploads\/2024\/09\/beautiful-alcazar-toledo-stone-fortification-toledo-spain-copy-768x512.jpg 768w, https:\/\/werentmarbella.com\/wp-content\/uploads\/2024\/09\/beautiful-alcazar-toledo-stone-fortification-toledo-spain-copy-1536x1024.jpg 1536w, https:\/\/werentmarbella.com\/wp-content\/uploads\/2024\/09\/beautiful-alcazar-toledo-stone-fortification-toledo-spain-copy-2048x1365.jpg 2048w, https:\/\/werentmarbella.com\/wp-content\/uploads\/2024\/09\/beautiful-alcazar-toledo-stone-fortification-toledo-spain-copy-150x100.jpg 150w\" sizes=\"(max-width: 1024px) 100vw, 1024px\" \/><figcaption class=\"wp-element-caption\">Los pa\u00edses m\u00e1s antiguos de europa: espa\u00f1a<\/figcaption><\/figure>\n\n<h2 class=\"wp-block-heading\">6. Italia: Un mosaico de historia<\/h2>\n\n<p>Aunque Italia se convirti\u00f3 en una naci\u00f3n unificada en 1861, sus regiones tienen historias ricas y antiguas que se remontan al <a href=\"https:\/\/en.wikipedia.org\/wiki\/Roman_Empire\" target=\"_blank\" data-type=\"link\" data-id=\"https:\/\/en.wikipedia.org\/wiki\/Roman_Empire\" rel=\"noreferrer noopener\">Imperio Romano<\/a> y m\u00e1s all\u00e1. El legado de la civilizaci\u00f3n romana sigue influyendo en la arquitectura, el derecho y el gobierno. Ciudades como Roma, Florencia y Venecia son tesoros culturales que muestran la importancia hist\u00f3rica de Italia.  <\/p>\n\n<figure class=\"wp-block-image size-large\"><img loading=\"lazy\" decoding=\"async\" width=\"1024\" height=\"683\" src=\"https:\/\/werentmarbella.com\/wp-content\/uploads\/2024\/09\/breathtaking-shot-colosseum-amphitheatre-located-rome-italy-1024x683.jpg\" alt=\"Los pa&#xED;ses m&#xE1;s antiguos de Europa: Italia\" class=\"wp-image-32753\" title=\"\" srcset=\"https:\/\/werentmarbella.com\/wp-content\/uploads\/2024\/09\/breathtaking-shot-colosseum-amphitheatre-located-rome-italy-1024x683.jpg 1024w, https:\/\/werentmarbella.com\/wp-content\/uploads\/2024\/09\/breathtaking-shot-colosseum-amphitheatre-located-rome-italy-300x200.jpg 300w, https:\/\/werentmarbella.com\/wp-content\/uploads\/2024\/09\/breathtaking-shot-colosseum-amphitheatre-located-rome-italy-768x512.jpg 768w, https:\/\/werentmarbella.com\/wp-content\/uploads\/2024\/09\/breathtaking-shot-colosseum-amphitheatre-located-rome-italy-1536x1024.jpg 1536w, https:\/\/werentmarbella.com\/wp-content\/uploads\/2024\/09\/breathtaking-shot-colosseum-amphitheatre-located-rome-italy-2048x1365.jpg 2048w, https:\/\/werentmarbella.com\/wp-content\/uploads\/2024\/09\/breathtaking-shot-colosseum-amphitheatre-located-rome-italy-150x100.jpg 150w\" sizes=\"(max-width: 1024px) 100vw, 1024px\" \/><figcaption class=\"wp-element-caption\">Los pa\u00edses m\u00e1s antiguos de europa: italia<\/figcaption><\/figure>\n\n<h2 class=\"wp-block-heading\">7. Grecia: La Cuna de la Civilizaci\u00f3n<\/h2>\n\n<p>Conocida por su antigua civilizaci\u00f3n, Grecia tiene una historia ininterrumpida que abarca miles de a\u00f1os. Desde las ciudades-estado de <a href=\"https:\/\/en.wikipedia.org\/wiki\/Athens\" target=\"_blank\" data-type=\"link\" data-id=\"https:\/\/en.wikipedia.org\/wiki\/Athens\" rel=\"noreferrer noopener\">Atenas<\/a> y <a href=\"https:\/\/en.wikipedia.org\/wiki\/Sparta\" target=\"_blank\" data-type=\"link\" data-id=\"https:\/\/en.wikipedia.org\/wiki\/Sparta\" rel=\"noreferrer noopener\">Esparta<\/a> hasta las conquistas de <a href=\"https:\/\/en.wikipedia.org\/wiki\/Alexander_the_Great\" target=\"_blank\" data-type=\"link\" data-id=\"https:\/\/en.wikipedia.org\/wiki\/Alexander_the_Great\" rel=\"noreferrer noopener\">Alejandro Magno<\/a>, Grecia ha sido fundamental en la formaci\u00f3n de la filosof\u00eda, la democracia y las artes occidentales. El Estado griego moderno se estableci\u00f3 en el siglo XIX, pero su patrimonio cultural sigue siendo profundamente influyente.  <\/p>\n\n<figure class=\"wp-block-image size-large\"><img loading=\"lazy\" decoding=\"async\" width=\"1024\" height=\"683\" src=\"https:\/\/werentmarbella.com\/wp-content\/uploads\/2024\/09\/low-angle-shot-old-greek-stone-pillars-with-clear-blue-sky-1024x683.jpg\" alt=\"Los pa&#xED;ses m&#xE1;s antiguos de Europa: Grecia \" class=\"wp-image-32749\" title=\"\" srcset=\"https:\/\/werentmarbella.com\/wp-content\/uploads\/2024\/09\/low-angle-shot-old-greek-stone-pillars-with-clear-blue-sky-1024x683.jpg 1024w, https:\/\/werentmarbella.com\/wp-content\/uploads\/2024\/09\/low-angle-shot-old-greek-stone-pillars-with-clear-blue-sky-300x200.jpg 300w, https:\/\/werentmarbella.com\/wp-content\/uploads\/2024\/09\/low-angle-shot-old-greek-stone-pillars-with-clear-blue-sky-768x512.jpg 768w, https:\/\/werentmarbella.com\/wp-content\/uploads\/2024\/09\/low-angle-shot-old-greek-stone-pillars-with-clear-blue-sky-1536x1024.jpg 1536w, https:\/\/werentmarbella.com\/wp-content\/uploads\/2024\/09\/low-angle-shot-old-greek-stone-pillars-with-clear-blue-sky-2048x1365.jpg 2048w, https:\/\/werentmarbella.com\/wp-content\/uploads\/2024\/09\/low-angle-shot-old-greek-stone-pillars-with-clear-blue-sky-150x100.jpg 150w\" sizes=\"(max-width: 1024px) 100vw, 1024px\" \/><figcaption class=\"wp-element-caption\">Los pa\u00edses m\u00e1s antiguos de europa: grecia<\/figcaption><\/figure>\n\n<h2 class=\"wp-block-heading\">Conclusi\u00f3n<\/h2>\n\n<p>Estos pa\u00edses, con sus historias y contribuciones culturales \u00fanicas, representan el rico tapiz de Europa. Cada uno ha desempe\u00f1ado un papel importante en la configuraci\u00f3n del pasado del continente y sigue influyendo en su futuro. A medida que exploramos estas naciones, adquirimos una comprensi\u00f3n m\u00e1s profunda de las diversas historias que contribuyen a nuestra identidad europea compartida. Ya sea a trav\u00e9s de la perdurable rep\u00fablica de San Marino, el legado medieval de Serbia o las antiguas ra\u00edces de Grecia, las historias de los pa\u00edses m\u00e1s antiguos de Europa son un testimonio de resiliencia y continuidad frente al cambio.   <\/p>\n\n<h3 class=\"wp-block-heading\">Reflexiones finales<\/h3>\n\n<p><strong>\u00bfQu\u00e9 piensas de los pa\u00edses m\u00e1s antiguos de Europa?<\/strong> \u00bfHay aspectos espec\u00edficos de sus historias que te fascinan? \u00a1Comparte tu opini\u00f3n en los comentarios a continuaci\u00f3n! <\/p>\n\n<hr class=\"wp-block-separator has-alpha-channel-opacity\"\/>\n\n<p><strong>Lea m\u00e1s sobre:<\/strong><\/p>\n\n<ul class=\"wp-block-list\">\n<li><a target=\"_blank\" href=\"https:\/\/werentmarbella.com\/es\/playas-en-marbella\/\" rel=\"noreferrer noopener\">Playas en Marbella<\/a><\/li>\n\n\n\n<li><a href=\"https:\/\/werentmarbella.com\/playa-linda-vista-serene-escape-with-pristine-surroundings\/\" target=\"_blank\" rel=\"noreferrer noopener\"><\/a><a href=\"https:\/\/werentmarbella.com\/playa-linda-vista-serene-escape-with-pristine-surroundings\/\">Playa Linda Vista<\/a><\/li>\n\n\n\n<li><a href=\"https:\/\/werentmarbella.com\/es\/playa-cortijo-blanco-oasis-tranquilo-de-arena-y-guijarros\/\" target=\"_blank\" rel=\"noreferrer noopener\"><\/a><a href=\"https:\/\/werentmarbella.com\/es\/playa-cortijo-blanco-oasis-tranquilo-de-arena-y-guijarros\/\">Playa Cortijo Blanco<\/a><\/li>\n\n\n\n<li><a href=\"https:\/\/werentmarbella.com\/es\/playa-de-san-pedro-alcantara-paraiso-familiar-en-el-oeste\/\" target=\"_blank\" rel=\"noreferrer noopener\"><\/a><a href=\"https:\/\/werentmarbella.com\/es\/playa-de-san-pedro-alcantara-paraiso-familiar-en-el-oeste\/\">Playa de San Pedro Alc\u00e1ntara<\/a><\/li>\n\n\n\n<li><a href=\"https:\/\/werentmarbella.com\/es\/playa-de-guadalmina-centro-de-belleza-escenica-y-deportes-acuaticos\/\" target=\"_blank\" rel=\"noreferrer noopener\"><\/a><a href=\"https:\/\/werentmarbella.com\/es\/playa-de-guadalmina-centro-de-belleza-escenica-y-deportes-acuaticos\/\">Playa de Guadalmina<\/a><\/li>\n<\/ul>\n\n<hr class=\"wp-block-separator has-alpha-channel-opacity\"\/>\n\n<p><\/p>\n","protected":false},"excerpt":{"rendered":"<p>Europa es un continente rico en historia, con muchas naciones que cuentan con or\u00edgenes antiguos e identidades culturales profundamente arraigadas. Conocer los pa\u00edses m\u00e1s antiguos de Europa no solo arroja luz sobre sus historias individuales, sino tambi\u00e9n sobre el entramado compartido del patrimonio europeo. En esta publicaci\u00f3n, exploraremos algunos de los pa\u00edses m\u00e1s antiguos, destacando [&hellip;]<\/p>\n","protected":false},"author":1,"featured_media":30123,"comment_status":"open","ping_status":"closed","sticky":false,"template":"","format":"standard","meta":{"footnotes":""},"categories":[645],"tags":[759,760,581,761],"class_list":["post-32906","post","type-post","status-publish","format-standard","has-post-thumbnail","hentry","category-wiki-es","tag-europa","tag-historia","tag-viajar","tag-viaje"],"_links":{"self":[{"href":"https:\/\/werentmarbella.com\/es\/wp-json\/wp\/v2\/posts\/32906","targetHints":{"allow":["GET"]}}],"collection":[{"href":"https:\/\/werentmarbella.com\/es\/wp-json\/wp\/v2\/posts"}],"about":[{"href":"https:\/\/werentmarbella.com\/es\/wp-json\/wp\/v2\/types\/post"}],"author":[{"embeddable":true,"href":"https:\/\/werentmarbella.com\/es\/wp-json\/wp\/v2\/users\/1"}],"replies":[{"embeddable":true,"href":"https:\/\/werentmarbella.com\/es\/wp-json\/wp\/v2\/comments?post=32906"}],"version-history":[{"count":1,"href":"https:\/\/werentmarbella.com\/es\/wp-json\/wp\/v2\/posts\/32906\/revisions"}],"predecessor-version":[{"id":32907,"href":"https:\/\/werentmarbella.com\/es\/wp-json\/wp\/v2\/posts\/32906\/revisions\/32907"}],"wp:featuredmedia":[{"embeddable":true,"href":"https:\/\/werentmarbella.com\/es\/wp-json\/wp\/v2\/media\/30123"}],"wp:attachment":[{"href":"https:\/\/werentmarbella.com\/es\/wp-json\/wp\/v2\/media?parent=32906"}],"wp:term":[{"taxonomy":"category","embeddable":true,"href":"https:\/\/werentmarbella.com\/es\/wp-json\/wp\/v2\/categories?post=32906"},{"taxonomy":"post_tag","embeddable":true,"href":"https:\/\/werentmarbella.com\/es\/wp-json\/wp\/v2\/tags?post=32906"}],"curies":[{"name":"wp","href":"https:\/\/api.w.org\/{rel}","templated":true}]}}