{"id":32818,"date":"2024-09-28T20:23:46","date_gmt":"2024-09-28T20:23:46","guid":{"rendered":"https:\/\/werentmarbella.com\/najstarije-zemlje-u-evropi-putovanje-kroz-istoriju-top-7\/"},"modified":"2024-10-02T16:06:51","modified_gmt":"2024-10-02T16:06:51","slug":"najstarije-zemlje-u-evropi-putovanje-kroz-istoriju-top-7","status":"publish","type":"post","link":"https:\/\/werentmarbella.com\/sr\/najstarije-zemlje-u-evropi-putovanje-kroz-istoriju-top-7\/","title":{"rendered":"Najstarije zemlje u Evropi: putovanje kroz istoriju (top 7)"},"content":{"rendered":"\n<p>Evropa je kontinent bogat istorijom, sa mnogim nacijama koje se mogu pohvaliti drevnim poreklom i duboko ukorenjenim kulturnim identitetima. Razumevanje najstarijih zemalja u Evropi ne samo da baca svetlo na njihove pojedina\u010dne pri\u010de, vec\u0301 i na zajedni\u010dku tapiseriju evropskog nasle\u0111a. U ovom postu c\u0301emo istra\u017eiti neke od najstarijih zemalja, isti\u010duc\u0301i njihov zna\u010daj i doprinos istoriji kontinenta.  <\/p>\n\n<p><strong>Najstarije zemlje u Evropi:<\/strong><\/p>\n\n<ol class=\"wp-block-list\">\n<li>San Marino<\/li>\n\n\n\n<li>Francuska<\/li>\n\n\n\n<li>Portugal<\/li>\n\n\n\n<li>Srbija<\/li>\n\n\n\n<li>\u0160panija<\/li>\n\n\n\n<li>Italija<\/li>\n\n\n\n<li>Gr\u010dka<\/li>\n<\/ol>\n\n<hr class=\"wp-block-separator has-alpha-channel-opacity\"\/>\n\n<h2 class=\"wp-block-heading\">1. San Marino: Najstarija republika na svetu<\/h2>\n\n<p>Osnovan 301. godine nove ere, San Marino pola\u017ee pravo na titulu najstarije republike na svetu. Sme\u0161tena na <a href=\"https:\/\/en.wikipedia.org\/wiki\/Apennine_Mountains\" target=\"_blank\" data-type=\"link\" data-id=\"https:\/\/en.wikipedia.org\/wiki\/Apennine_Mountains\" rel=\"noreferrer noopener\">Apeninskim planinama<\/a>, zadr\u017eala je svoju nezavisnost i upravljanje kroz vekove promenljivih politi\u010dkih pejza\u017ea. Ustav San Marina, usvojen 1600. godine, jedan je od najstarijih na svetu, koji odra\u017eava privr\u017eenost nacije demokratskim principima.  <\/p>\n\n<figure class=\"wp-block-image size-large\"><img fetchpriority=\"high\" decoding=\"async\" width=\"1024\" height=\"683\" src=\"https:\/\/werentmarbella.com\/wp-content\/uploads\/2024\/09\/patrick-Jnf7gAzmIao-unsplash-1024x683.jpg\" alt=\"San Marino: Najstarija republika na svetu\" class=\"wp-image-32770\" title=\"\" srcset=\"https:\/\/werentmarbella.com\/wp-content\/uploads\/2024\/09\/patrick-Jnf7gAzmIao-unsplash-1024x683.jpg 1024w, https:\/\/werentmarbella.com\/wp-content\/uploads\/2024\/09\/patrick-Jnf7gAzmIao-unsplash-300x200.jpg 300w, https:\/\/werentmarbella.com\/wp-content\/uploads\/2024\/09\/patrick-Jnf7gAzmIao-unsplash-768x512.jpg 768w, https:\/\/werentmarbella.com\/wp-content\/uploads\/2024\/09\/patrick-Jnf7gAzmIao-unsplash-1536x1024.jpg 1536w, https:\/\/werentmarbella.com\/wp-content\/uploads\/2024\/09\/patrick-Jnf7gAzmIao-unsplash-2048x1365.jpg 2048w, https:\/\/werentmarbella.com\/wp-content\/uploads\/2024\/09\/patrick-Jnf7gAzmIao-unsplash-150x100.jpg 150w\" sizes=\"(max-width: 1024px) 100vw, 1024px\" \/><figcaption class=\"wp-element-caption\">Najstarije zemlje u evropi: san marino<\/figcaption><\/figure>\n\n<h2 class=\"wp-block-heading\">2. Francuska: bogata tapiserija istorije<\/h2>\n\n<p>Koreni francuske dr\u017eave mogu se pratiti do Verdenskog sporazuma 843. godine nove ere, koji je podelio <a href=\"https:\/\/en.wikipedia.org\/wiki\/Carolingian_Empire\" target=\"_blank\" data-type=\"link\" data-id=\"https:\/\/en.wikipedia.org\/wiki\/Carolingian_Empire\" rel=\"noreferrer noopener\">Karolin\u0161ko carstvo<\/a> izme\u0111u <a href=\"https:\/\/en.wikipedia.org\/wiki\/Charles_the_Bald\" target=\"_blank\" data-type=\"link\" data-id=\"https:\/\/en.wikipedia.org\/wiki\/Charles_the_Bald\" rel=\"noreferrer noopener\">Karla C\u0301elavog<\/a>, <a href=\"https:\/\/en.wikipedia.org\/wiki\/Louis_the_German\" target=\"_blank\" data-type=\"link\" data-id=\"https:\/\/en.wikipedia.org\/wiki\/Louis_the_German\" rel=\"noreferrer noopener\">Luja Nema\u010dkog<\/a> i Lotara I. Me\u0111utim, francuska kulturna i politi\u010dka tradicija se\u017ee jo\u0161 dalje, uklju\u010dujuc\u0301i moc\u0301no frana\u010dko kraljevstvo. Francuska je kroz istoriju bila centar umetnosti, filozofije i politi\u010dke misli, uti\u010duc\u0301i na nacije \u0161irom sveta. <\/p>\n\n<figure class=\"wp-block-image size-large\"><img decoding=\"async\" width=\"1024\" height=\"682\" src=\"https:\/\/werentmarbella.com\/wp-content\/uploads\/2024\/09\/916-1024x682.jpg\" alt=\"Najstarije zemlje u Evropi: Francuska\" class=\"wp-image-32766\" title=\"\" srcset=\"https:\/\/werentmarbella.com\/wp-content\/uploads\/2024\/09\/916-1024x682.jpg 1024w, https:\/\/werentmarbella.com\/wp-content\/uploads\/2024\/09\/916-300x200.jpg 300w, https:\/\/werentmarbella.com\/wp-content\/uploads\/2024\/09\/916-768x512.jpg 768w, https:\/\/werentmarbella.com\/wp-content\/uploads\/2024\/09\/916-1536x1024.jpg 1536w, https:\/\/werentmarbella.com\/wp-content\/uploads\/2024\/09\/916-150x100.jpg 150w, https:\/\/werentmarbella.com\/wp-content\/uploads\/2024\/09\/916.jpg 2000w\" sizes=\"(max-width: 1024px) 100vw, 1024px\" \/><figcaption class=\"wp-element-caption\">Najstarije zemlje u evropi: francuska<\/figcaption><\/figure>\n\n<h2 class=\"wp-block-heading\">3. Portugal: A Kingdom with Deep Roots<\/h2>\n\n<p>Osnovana kao kraljevina 1139. godine, Portugal je zadr\u017eao poseban identitet od 12. veka, oblikovan svojom bogatom istorijom i jedinstvenim kulturnim nasle\u0111em. Bila je to jedna od prvih kolonijalnih sila u Evropi, koja je uspostavila ogromnu imperiju koja se prostirala \u0161irom Afrike, Azije i Ju\u017ene Amerike. Ovo carstvo nije samo uticalo na regione koje je dodirnulo, vec\u0301 je tako\u0111e olak\u0161alo \u0161irenje portugalske kulture, jezika i tradicije.  <\/p>\n\n<p>Tokom doba otkric\u0301a, Portugal je postao lider u pomorskim istra\u017eivanjima, sa istra\u017eiva\u010dima kao \u0161to su Vasko da Gama i Ferdinand Magelan koji su zacrtali nove rute i otkrili ranije nepoznate zemlje. Ova istra\u017eivanja su odigrala klju\u010dnu ulogu u globalnoj trgovini, po\u0161to je Portugal uspostavio trgova\u010dke rute koje su povezivale Evropu sa Azijom i Amerikom, podsti\u010duc\u0301i zna\u010dajnu kulturnu razmenu i ekonomski rast. <\/p>\n\n<figure class=\"wp-block-image size-large\"><img decoding=\"async\" width=\"1024\" height=\"682\" src=\"https:\/\/werentmarbella.com\/wp-content\/uploads\/2024\/09\/38877-1024x682.jpg\" alt=\"Najstarije zemlje u Evropi: Portugal\" class=\"wp-image-32762\" title=\"\" srcset=\"https:\/\/werentmarbella.com\/wp-content\/uploads\/2024\/09\/38877-1024x682.jpg 1024w, https:\/\/werentmarbella.com\/wp-content\/uploads\/2024\/09\/38877-300x200.jpg 300w, https:\/\/werentmarbella.com\/wp-content\/uploads\/2024\/09\/38877-768x511.jpg 768w, https:\/\/werentmarbella.com\/wp-content\/uploads\/2024\/09\/38877-1536x1023.jpg 1536w, https:\/\/werentmarbella.com\/wp-content\/uploads\/2024\/09\/38877-150x100.jpg 150w, https:\/\/werentmarbella.com\/wp-content\/uploads\/2024\/09\/38877.jpg 2000w\" sizes=\"(max-width: 1024px) 100vw, 1024px\" \/><figcaption class=\"wp-element-caption\">Najstarije zemlje u evropi: portugal<\/figcaption><\/figure>\n\n<h2 class=\"wp-block-heading\">4. Srbija: istorijska sila<\/h2>\n\n<p>Kne\u017eevina Srbija je osnovana <a href=\"https:\/\/en.wikipedia.org\/wiki\/Principality_of_Serbia_(early_medieval)\" data-type=\"link\" data-id=\"https:\/\/en.wikipedia.org\/wiki\/Principality_of_Serbia_(early_medieval)\" target=\"_blank\" rel=\"noreferrer noopener\">780<\/a>. godine (<em>Vi\u0161eslav, poznat i kao Vojislav, priznat je kao prvi srpski vladar dokumentovan po imenu, vladao je oko 780.<\/em>), a 1217. godine je evoluirala u zvani\u010dnu <a href=\"https:\/\/en.wikipedia.org\/wiki\/Kingdom_of_Serbia\" data-type=\"link\" data-id=\"https:\/\/en.wikipedia.org\/wiki\/Kingdom_of_Serbia\" target=\"_blank\" rel=\"noreferrer noopener\">Kraljevinu Srbiju<\/a> pod Stefanom Prvoven\u010danim. Vec\u0301ina smatra da se ro\u0111enje Srbije poklapa sa ranim slovenskim migracijama u 7. i 8. veku, dajuc\u0301i naciji istoriju dugu pribli\u017eno 1.242 godine. Nezavisnost Srbije je priznata 1878. godine, a ponovo je obnovljena 2006. Vladavina <a href=\"https:\/\/en.wikipedia.org\/wiki\/Stefan_Du%C5%A1an\" target=\"_blank\" data-type=\"link\" data-id=\"https:\/\/en.wikipedia.org\/wiki\/Stefan_Du%C5%A1an\" rel=\"noreferrer noopener\">Stefana Du\u0161ana<\/a> u 14. veku je ozna\u010dila vrhunac srednjovekovne srpske moc\u0301i, po\u0161to je pro\u0161irio kraljevinu i krunisao se za cara Srba i Grka. Bogato kulturno nasle\u0111e Srbije uklju\u010duje zna\u010dajan doprinos pravoslavnom hri\u0161c\u0301anstvu, umetnosti i knji\u017eevnosti, \u0161to ga \u010dini su\u0161tinskim delom evropske istorije.    <\/p>\n\n<figure class=\"wp-block-image size-large is-resized\"><img loading=\"lazy\" decoding=\"async\" width=\"1024\" height=\"683\" src=\"https:\/\/werentmarbella.com\/wp-content\/uploads\/2024\/09\/enchanting-beauty-belgrades-kalemegdan-twilight-where-historic-landmarks-are-illuminated-against-evening-sky-1024x683.jpg\" alt=\"\" class=\"wp-image-32745\" style=\"width:840px;height:auto\" title=\"\" srcset=\"https:\/\/werentmarbella.com\/wp-content\/uploads\/2024\/09\/enchanting-beauty-belgrades-kalemegdan-twilight-where-historic-landmarks-are-illuminated-against-evening-sky-1024x683.jpg 1024w, https:\/\/werentmarbella.com\/wp-content\/uploads\/2024\/09\/enchanting-beauty-belgrades-kalemegdan-twilight-where-historic-landmarks-are-illuminated-against-evening-sky-300x200.jpg 300w, https:\/\/werentmarbella.com\/wp-content\/uploads\/2024\/09\/enchanting-beauty-belgrades-kalemegdan-twilight-where-historic-landmarks-are-illuminated-against-evening-sky-768x512.jpg 768w, https:\/\/werentmarbella.com\/wp-content\/uploads\/2024\/09\/enchanting-beauty-belgrades-kalemegdan-twilight-where-historic-landmarks-are-illuminated-against-evening-sky-1536x1024.jpg 1536w, https:\/\/werentmarbella.com\/wp-content\/uploads\/2024\/09\/enchanting-beauty-belgrades-kalemegdan-twilight-where-historic-landmarks-are-illuminated-against-evening-sky-2048x1365.jpg 2048w, https:\/\/werentmarbella.com\/wp-content\/uploads\/2024\/09\/enchanting-beauty-belgrades-kalemegdan-twilight-where-historic-landmarks-are-illuminated-against-evening-sky-150x100.jpg 150w\" sizes=\"(max-width: 1024px) 100vw, 1024px\" \/><figcaption class=\"wp-element-caption\">Najstarije zemlje u evropi: srbija<\/figcaption><\/figure>\n\n<h2 class=\"wp-block-heading\">5. \u0160panija: Slo\u017eeni mozaik kultura<\/h2>\n\n<p>Moderni identitet \u0160panije je u velikoj meri oblikovan ujedinjenjem <a href=\"https:\/\/en.wikipedia.org\/wiki\/Kingdom_of_Castile\" data-type=\"link\" data-id=\"https:\/\/en.wikipedia.org\/wiki\/Kingdom_of_Castile\" target=\"_blank\" rel=\"noopener\">kraljevina Kastilje<\/a> i <a href=\"https:\/\/en.wikipedia.org\/wiki\/Aragon\" data-type=\"link\" data-id=\"https:\/\/en.wikipedia.org\/wiki\/Aragon\" target=\"_blank\" rel=\"noopener\">Aragona<\/a> 1469. godine, ali njeni regionalni identiteti datiraju vekovima. Iberijsko poluostrvo je bilo dom raznih kultura, uklju\u010dujuc\u0301i Rimljane, <a href=\"https:\/\/en.wikipedia.org\/wiki\/Visigoths\" target=\"_blank\" data-type=\"link\" data-id=\"https:\/\/en.wikipedia.org\/wiki\/Visigoths\" rel=\"noreferrer noopener\">Vizigote<\/a> i <a href=\"https:\/\/en.wikipedia.org\/wiki\/Moors\" target=\"_blank\" data-type=\"link\" data-id=\"https:\/\/en.wikipedia.org\/wiki\/Moors\" rel=\"noreferrer noopener\">Maure<\/a>. Uticaj \u0160panije na umetnost, knji\u017eevnost i politiku je ogroman, \u0161to je \u010dini jednom od kulturnih prestonica Evrope.  <\/p>\n\n<p>Tokom svoje istorije, \u0160panija je proizvela poznate li\u010dnosti kao \u0161to su <a href=\"https:\/\/en.wikipedia.org\/wiki\/Miguel_de_Cervantes\" target=\"_blank\" data-type=\"link\" data-id=\"https:\/\/en.wikipedia.org\/wiki\/Miguel_de_Cervantes\" rel=\"noreferrer noopener\">Migel de Servantes<\/a>, \u010dija su dela pomogla da se defini\u0161e \u0161panska knji\u017eevnost, i <a href=\"https:\/\/en.wikipedia.org\/wiki\/Pablo_Picasso\" target=\"_blank\" data-type=\"link\" data-id=\"https:\/\/en.wikipedia.org\/wiki\/Pablo_Picasso\" rel=\"noreferrer noopener\">Pablo Pikaso<\/a>, \u010dija je revolucionarna umetnost ostavila trajan uticaj na pokret moderne umetnosti. Arhitektonska \u010duda zemlje, kao \u0161to su Alhambra i Gaudijeva Sagrada Familija, odra\u017eavaju njenu bogatu kulturnu tapiseriju i razli\u010dite istorijske uticaje. <\/p>\n\n<figure class=\"wp-block-image size-large\"><img loading=\"lazy\" decoding=\"async\" width=\"1024\" height=\"683\" src=\"https:\/\/werentmarbella.com\/wp-content\/uploads\/2024\/09\/beautiful-alcazar-toledo-stone-fortification-toledo-spain-copy-1024x683.jpg\" alt=\"Najstarije zemlje u Evropi: &#x160;panija\" class=\"wp-image-32757\" title=\"\" srcset=\"https:\/\/werentmarbella.com\/wp-content\/uploads\/2024\/09\/beautiful-alcazar-toledo-stone-fortification-toledo-spain-copy-1024x683.jpg 1024w, https:\/\/werentmarbella.com\/wp-content\/uploads\/2024\/09\/beautiful-alcazar-toledo-stone-fortification-toledo-spain-copy-300x200.jpg 300w, https:\/\/werentmarbella.com\/wp-content\/uploads\/2024\/09\/beautiful-alcazar-toledo-stone-fortification-toledo-spain-copy-768x512.jpg 768w, https:\/\/werentmarbella.com\/wp-content\/uploads\/2024\/09\/beautiful-alcazar-toledo-stone-fortification-toledo-spain-copy-1536x1024.jpg 1536w, https:\/\/werentmarbella.com\/wp-content\/uploads\/2024\/09\/beautiful-alcazar-toledo-stone-fortification-toledo-spain-copy-2048x1365.jpg 2048w, https:\/\/werentmarbella.com\/wp-content\/uploads\/2024\/09\/beautiful-alcazar-toledo-stone-fortification-toledo-spain-copy-150x100.jpg 150w\" sizes=\"(max-width: 1024px) 100vw, 1024px\" \/><figcaption class=\"wp-element-caption\">Najstarije zemlje u evropi: \u0161panija<\/figcaption><\/figure>\n\n<h2 class=\"wp-block-heading\">6. Italija: Povratak istoriji<\/h2>\n\n<p>Dok je Italija postala ujedinjena nacija 1861. godine, njeni regioni imaju bogatu i drevnu istoriju koja datira jo\u0161 od <a href=\"https:\/\/en.wikipedia.org\/wiki\/Roman_Empire\" target=\"_blank\" data-type=\"link\" data-id=\"https:\/\/en.wikipedia.org\/wiki\/Roman_Empire\" rel=\"noreferrer noopener\">Rimskog carstva<\/a> i \u0161ire. Nasle\u0111e rimske civilizacije nastavlja da uti\u010de na arhitekturu, pravo i upravljanje. Gradovi poput Rima, Firence i Venecije su riznice kulturnog blaga, koje pokazuju istorijski zna\u010daj Italije.  <\/p>\n\n<figure class=\"wp-block-image size-large\"><img loading=\"lazy\" decoding=\"async\" width=\"1024\" height=\"683\" src=\"https:\/\/werentmarbella.com\/wp-content\/uploads\/2024\/09\/breathtaking-shot-colosseum-amphitheatre-located-rome-italy-1024x683.jpg\" alt=\"Najstarije zemlje u Evropi: Italija\" class=\"wp-image-32753\" title=\"\" srcset=\"https:\/\/werentmarbella.com\/wp-content\/uploads\/2024\/09\/breathtaking-shot-colosseum-amphitheatre-located-rome-italy-1024x683.jpg 1024w, https:\/\/werentmarbella.com\/wp-content\/uploads\/2024\/09\/breathtaking-shot-colosseum-amphitheatre-located-rome-italy-300x200.jpg 300w, https:\/\/werentmarbella.com\/wp-content\/uploads\/2024\/09\/breathtaking-shot-colosseum-amphitheatre-located-rome-italy-768x512.jpg 768w, https:\/\/werentmarbella.com\/wp-content\/uploads\/2024\/09\/breathtaking-shot-colosseum-amphitheatre-located-rome-italy-1536x1024.jpg 1536w, https:\/\/werentmarbella.com\/wp-content\/uploads\/2024\/09\/breathtaking-shot-colosseum-amphitheatre-located-rome-italy-2048x1365.jpg 2048w, https:\/\/werentmarbella.com\/wp-content\/uploads\/2024\/09\/breathtaking-shot-colosseum-amphitheatre-located-rome-italy-150x100.jpg 150w\" sizes=\"(max-width: 1024px) 100vw, 1024px\" \/><figcaption class=\"wp-element-caption\">Najstarije zemlje u evropi: italija<\/figcaption><\/figure>\n\n<h2 class=\"wp-block-heading\">7. Gr\u010dka: Kolevka civilizacije<\/h2>\n\n<p>Poznata po svojoj drevnoj civilizaciji, Gr\u010dka ima neprekidnu istoriju koja se prote\u017ee hiljadama godina. Od gradova-dr\u017eava <a href=\"https:\/\/en.wikipedia.org\/wiki\/Athens\" target=\"_blank\" data-type=\"link\" data-id=\"https:\/\/en.wikipedia.org\/wiki\/Athens\" rel=\"noreferrer noopener\">Atine<\/a> i <a href=\"https:\/\/en.wikipedia.org\/wiki\/Sparta\" target=\"_blank\" data-type=\"link\" data-id=\"https:\/\/en.wikipedia.org\/wiki\/Sparta\" rel=\"noreferrer noopener\">Sparte<\/a> do osvajanja <a href=\"https:\/\/en.wikipedia.org\/wiki\/Alexander_the_Great\" target=\"_blank\" data-type=\"link\" data-id=\"https:\/\/en.wikipedia.org\/wiki\/Alexander_the_Great\" rel=\"noreferrer noopener\"> Aleksandra Velikog<\/a>, Gr\u010dka je bila klju\u010dna u oblikovanju zapadne filozofije, demokratije i umetnosti. Moderna gr\u010dka dr\u017eava nastala je u 19. veku, ali njeno kulturno nasle\u0111e ostaje duboko uticajno.  <\/p>\n\n<figure class=\"wp-block-image size-large\"><img loading=\"lazy\" decoding=\"async\" width=\"1024\" height=\"683\" src=\"https:\/\/werentmarbella.com\/wp-content\/uploads\/2024\/09\/low-angle-shot-old-greek-stone-pillars-with-clear-blue-sky-1024x683.jpg\" alt=\"Najstarije zemlje u Evropi: Gr&#x10D;ka \" class=\"wp-image-32749\" title=\"\" srcset=\"https:\/\/werentmarbella.com\/wp-content\/uploads\/2024\/09\/low-angle-shot-old-greek-stone-pillars-with-clear-blue-sky-1024x683.jpg 1024w, https:\/\/werentmarbella.com\/wp-content\/uploads\/2024\/09\/low-angle-shot-old-greek-stone-pillars-with-clear-blue-sky-300x200.jpg 300w, https:\/\/werentmarbella.com\/wp-content\/uploads\/2024\/09\/low-angle-shot-old-greek-stone-pillars-with-clear-blue-sky-768x512.jpg 768w, https:\/\/werentmarbella.com\/wp-content\/uploads\/2024\/09\/low-angle-shot-old-greek-stone-pillars-with-clear-blue-sky-1536x1024.jpg 1536w, https:\/\/werentmarbella.com\/wp-content\/uploads\/2024\/09\/low-angle-shot-old-greek-stone-pillars-with-clear-blue-sky-2048x1365.jpg 2048w, https:\/\/werentmarbella.com\/wp-content\/uploads\/2024\/09\/low-angle-shot-old-greek-stone-pillars-with-clear-blue-sky-150x100.jpg 150w\" sizes=\"(max-width: 1024px) 100vw, 1024px\" \/><figcaption class=\"wp-element-caption\">Najstarije zemlje u evropi: gr\u010dka<\/figcaption><\/figure>\n\n<h2 class=\"wp-block-heading\">Zaklju\u010dak<\/h2>\n\n<p>Ove zemlje, sa svojom jedinstvenom istorijom i kulturnim doprinosima, predstavljaju bogatu tapiseriju Evrope. Svaki je odigrao zna\u010dajnu ulogu u oblikovanju pro\u0161losti kontinenta i nastavlja da uti\u010de na njegovu buduc\u0301nost. Dok istra\u017eujemo ove nacije, sti\u010demo dublje razumevanje razli\u010ditih istorija koje doprinose na\u0161em zajedni\u010dkom evropskom identitetu. Bilo kroz trajnu republiku San Marina, srednjovekovno nasle\u0111e Srbije ili drevne korene Gr\u010dke, pri\u010de o najstarijim evropskim zemljama su svedo\u010danstvo otpornosti i kontinuiteta u suo\u010davanju sa promenama.   <\/p>\n\n<h3 class=\"wp-block-heading\">Zavr\u0161ne misli<\/h3>\n\n<p><strong>\u0160ta mislite o najstarijim zemljama u Evropi?<\/strong> Postoje li specifi\u010dni aspekti njihove istorije koji vas fasciniraju? Podelite svoje uvide u komentarima ispod! <\/p>\n\n<hr class=\"wp-block-separator has-alpha-channel-opacity\"\/>\n\n<p><strong>Pro\u010ditajte vi\u0161e o:<\/strong><\/p>\n\n<ul class=\"wp-block-list\">\n<li><a target=\"_blank\" href=\"https:\/\/werentmarbella.com\/sr\/plaze-u-marbelji\/\" rel=\"noreferrer noopener\">Pla\u017ee u Marbelji<\/a><\/li>\n\n\n\n<li><a href=\"https:\/\/werentmarbella.com\/playa-linda-vista-serene-escape-with-pristine-surroundings\/\" target=\"_blank\" rel=\"noreferrer noopener\"><\/a><a href=\"https:\/\/werentmarbella.com\/playa-linda-vista-serene-escape-with-pristine-surroundings\/\">Pla\u017ea Linda Vista<\/a><\/li>\n\n\n\n<li><a href=\"https:\/\/werentmarbella.com\/playa-cortijo-blanco\/\" target=\"_blank\" rel=\"noreferrer noopener\"><\/a><a href=\"https:\/\/werentmarbella.com\/playa-cortijo-blanco\/\">Pla\u017ea Cortijo Blanco<\/a><\/li>\n\n\n\n<li><a href=\"https:\/\/werentmarbella.com\/sr\/plaza-san-pedro-alkantara-utociste-prilagodjeno-porodici-na-zapadu\/\" target=\"_blank\" rel=\"noreferrer noopener\"><\/a><a href=\"https:\/\/werentmarbella.com\/sr\/plaza-san-pedro-alkantara-utociste-prilagodjeno-porodici-na-zapadu\/\">Pla\u017ea San Pedro Alkantara<\/a><\/li>\n\n\n\n<li><a href=\"https:\/\/werentmarbella.com\/playa-de-guadalmina\/\" target=\"_blank\" rel=\"noreferrer noopener\"><\/a><a href=\"https:\/\/werentmarbella.com\/playa-de-guadalmina\/\">Pla\u017ea Guadalmina<\/a><\/li>\n<\/ul>\n\n<hr class=\"wp-block-separator has-alpha-channel-opacity\"\/>\n\n<p><\/p>\n","protected":false},"excerpt":{"rendered":"<p>Evropa je kontinent bogat istorijom, sa mnogim nacijama koje se mogu pohvaliti drevnim poreklom i duboko ukorenjenim kulturnim identitetima. Razumevanje najstarijih zemalja u Evropi ne samo da baca svetlo na njihove pojedina\u010dne pri\u010de, vec\u0301 i na zajedni\u010dku tapiseriju evropskog nasle\u0111a. U ovom postu c\u0301emo istra\u017eiti neke od najstarijih zemalja, isti\u010duc\u0301i njihov zna\u010daj i doprinos istoriji [&hellip;]<\/p>\n","protected":false},"author":1,"featured_media":30122,"comment_status":"open","ping_status":"closed","sticky":false,"template":"","format":"standard","meta":{"footnotes":""},"categories":[644],"tags":[753,754,572,755],"class_list":["post-32818","post","type-post","status-publish","format-standard","has-post-thumbnail","hentry","category-wiki-sr","tag-evropa","tag-istorija","tag-putovanja","tag-putovanje"],"_links":{"self":[{"href":"https:\/\/werentmarbella.com\/sr\/wp-json\/wp\/v2\/posts\/32818","targetHints":{"allow":["GET"]}}],"collection":[{"href":"https:\/\/werentmarbella.com\/sr\/wp-json\/wp\/v2\/posts"}],"about":[{"href":"https:\/\/werentmarbella.com\/sr\/wp-json\/wp\/v2\/types\/post"}],"author":[{"embeddable":true,"href":"https:\/\/werentmarbella.com\/sr\/wp-json\/wp\/v2\/users\/1"}],"replies":[{"embeddable":true,"href":"https:\/\/werentmarbella.com\/sr\/wp-json\/wp\/v2\/comments?post=32818"}],"version-history":[{"count":1,"href":"https:\/\/werentmarbella.com\/sr\/wp-json\/wp\/v2\/posts\/32818\/revisions"}],"predecessor-version":[{"id":32819,"href":"https:\/\/werentmarbella.com\/sr\/wp-json\/wp\/v2\/posts\/32818\/revisions\/32819"}],"wp:featuredmedia":[{"embeddable":true,"href":"https:\/\/werentmarbella.com\/sr\/wp-json\/wp\/v2\/media\/30122"}],"wp:attachment":[{"href":"https:\/\/werentmarbella.com\/sr\/wp-json\/wp\/v2\/media?parent=32818"}],"wp:term":[{"taxonomy":"category","embeddable":true,"href":"https:\/\/werentmarbella.com\/sr\/wp-json\/wp\/v2\/categories?post=32818"},{"taxonomy":"post_tag","embeddable":true,"href":"https:\/\/werentmarbella.com\/sr\/wp-json\/wp\/v2\/tags?post=32818"}],"curies":[{"name":"wp","href":"https:\/\/api.w.org\/{rel}","templated":true}]}}